{"id":1699,"date":"2022-05-22T13:49:51","date_gmt":"2022-05-22T13:49:51","guid":{"rendered":"https:\/\/www.cambiatumundo.org\/?p=1699"},"modified":"2022-05-22T13:57:57","modified_gmt":"2022-05-22T13:57:57","slug":"el-ministerio-de-la-verdad","status":"publish","type":"post","link":"https:\/\/www.cambiatumundo.org\/?p=1699","title":{"rendered":"El \u00abMinisterio de la Verdad\u00bb"},"content":{"rendered":"\n<div class=\"wp-block-image\"><figure class=\"alignleft size-medium is-resized\"><img decoding=\"async\" src=\"https:\/\/www.cambiatumundo.org\/wp-content\/uploads\/2020\/11\/Ministerio-de-la-verdad-2-300x168.jpg\" alt=\"\" class=\"wp-image-250\" width=\"319\" srcset=\"https:\/\/www.cambiatumundo.org\/wp-content\/uploads\/2020\/11\/Ministerio-de-la-verdad-2-300x168.jpg 300w, https:\/\/www.cambiatumundo.org\/wp-content\/uploads\/2020\/11\/Ministerio-de-la-verdad-2-768x431.jpg 768w, https:\/\/www.cambiatumundo.org\/wp-content\/uploads\/2020\/11\/Ministerio-de-la-verdad-2-678x381.jpg 678w, https:\/\/www.cambiatumundo.org\/wp-content\/uploads\/2020\/11\/Ministerio-de-la-verdad-2.jpg 1024w\" sizes=\"(max-width: 300px) 100vw, 300px\" \/><\/figure><\/div>\n\n\n\n<p>Esta iniciativa del Gobierno para controlar la informaci\u00f3n y sentenciar cu\u00e1l es ver\u00eddica o no, seg\u00fan un comit\u00e9 creado a tal fin, seg\u00fan se publica en el <a href=\"https:\/\/www.cambiatumundo.org\/?page_id=158\">BOE&nbsp;n\u00fam.&nbsp;292, de 5 de noviembre de 2020O<\/a>, est\u00e1 levantando ampollas. Es dif\u00edcil de entender que en el siglo XXI, en un pa\u00eds desarrollado y democr\u00e1tico se promulguen \u00f3rdenes ministeriales que puedan suponer una merma en nuestra libertad de expresi\u00f3n y el derecho a la informaci\u00f3n. <\/p>\n\n\n\n<p>Es cierto que aquellos individuos que publiquen informaciones que atenten contra derechos fundamentales de las personas, como el derecho al honor o conculquen, de cualquier modo, sus derechos ciudadanos han de ser perseguidas por la ley y de acuerdo a la legislaci\u00f3n vigente, debidamente aprobada por las c\u00e1maras democr\u00e1ticas del pa\u00eds, pero eso no puede llevarnos a actuar de ning\u00fan modo contra la libertad de expresi\u00f3n, que tan duramente nos hemos ganado los espa\u00f1oles, tras 40 a\u00f1os de dictadura.<\/p>\n\n\n\n<p>La libertad de expresi\u00f3n es un derecho natural, recogido por la <strong>Declaraci\u00f3n de los Derechos Humanos de la ONU:<\/strong> <\/p>\n\n\n\n<p>En su art\u00edculo 19 podemos leer que \u00abTodo individuo tiene derecho a la libertad de opini\u00f3n y de expresi\u00f3n; este derecho incluye el de no ser molestado a causa de sus opiniones, el de investigar y recibir informaciones y opiniones, y el de difundirlas, sin limitaci\u00f3n de fronteras, por cualquier medio de expresi\u00f3n\u00bb.<\/p>\n\n\n\n<p><strong>En nuestra Constituci\u00f3n, en su art\u00edculo 20 se expone que:<\/strong><\/p>\n\n\n\n<p>\u00ab1. Se reconocen y protegen los derechos: <em>a)&nbsp;<\/em>A expresar y difundir libremente los pensamientos, ideas y opiniones mediante la palabra, el escrito o cualquier otro medio de reproducci\u00f3n. <em>b)&nbsp;<\/em>A la producci\u00f3n y creaci\u00f3n literaria, art\u00edstica, cient\u00edfica y t\u00e9cnica. <em>c)&nbsp;<\/em>A la libertad de c\u00e1tedra. <em>d)&nbsp;<\/em>A comunicar o recibir libremente informaci\u00f3n veraz por cualquier medio de difusi\u00f3n. La ley regular\u00e1 el derecho a la cl\u00e1usula de conciencia y al secreto profesional en el ejercicio de estas libertades.<\/p>\n\n\n\n<p>2. El ejercicio de estos derechos no puede restringirse mediante ning\u00fan tipo de censura previa.<\/p>\n\n\n\n<p>3. La ley regular\u00e1 la organizaci\u00f3n y el control parlamentario de los medios de comunicaci\u00f3n social dependientes del Estado o de cualquier ente p\u00fablico y garantizar\u00e1 el acceso a dichos medios de los grupos sociales y pol\u00edticos significativos, respetando el pluralismo de la sociedad y de las diversas lenguas de Espa\u00f1a.<\/p>\n\n\n\n<p>4. Estas libertades tienen su l\u00edmite en el respeto a los derechos reconocidos en&nbsp;este T\u00edtulo, en los preceptos de las leyes que lo desarrollen y, especialmente, en el derecho al honor, a la intimidad, a la propia imagen y a la protecci\u00f3n de la juventud y de la infancia.<\/p>\n\n\n\n<p>5. S\u00f3lo podr\u00e1 acordarse el secuestro de publicaciones, grabaciones y otros medios de informaci\u00f3n en virtud de resoluci\u00f3n judicial\u00bb.<\/p>\n\n\n\n<p><strong>Carta de los Derechos Fundamentales de la UE<\/strong>:<\/p>\n\n\n\n<p>Art\u00edculo 11: Libertad de expresi\u00f3n y de informaci\u00f3n.<\/p>\n\n\n\n<p>1. Toda persona tiene derecho a la libertad de expresi\u00f3n. Este derecho comprende la libertad de opini\u00f3n y la libertad de recibir o comunicar informaciones o ideas sin que pueda haber injerencia de autoridades p\u00fablicas y sin consideraci\u00f3n de fronteras.<\/p>\n\n\n\n<p>2. Se respetan la libertad de los medios de comunicaci\u00f3n y su pluralismo.<\/p>\n\n\n\n<p>Bruselas est\u00e1 preocupada \u00abse mantiene al tanto\u00bb del plan del Gobierno de Pedro S\u00e1nchez de&nbsp;realizar un seguimiento estrecho de los medios de comunicaci\u00f3n y las redes sociales y webs para evitar la difusi\u00f3n de las llamadas &#8216;fake news&#8217;, Esta orden del Ministerio de la Presidencia ha generado dudas y rechazo en los partidos de la oposici\u00f3n y en  profesionales del periodismo.<\/p>\n\n\n\n<p>\u00abEsta orden se ha puesto en marcha bas\u00e1ndose en la legislaci\u00f3n de emergencia (frente al coronavirus) y, como ustedes saben,&nbsp;<strong>la Comisi\u00f3n est\u00e1 vigilando la aplicaci\u00f3n de medidas de emergencia<\/strong>&nbsp;por parte de todos los Estados miembros durante esta pandemia\u00bb: portavoz del Ejecutivo comunitario, Johannes Bahrke.<\/p>\n\n\n\n<p>Si no est\u00e1s de acuerdo con esta nueva limitaci\u00f3n de nuestros derechos firma <a href=\"https:\/\/www.citizengo.org\/hazteoir\/ot\/183125-pablo-iglesias-quiere-silenciarte\">esta iniciativa<\/a>. \u00a1Y p\u00e1sala! \u00a1Luchemos unidos para defender nuestros derechos humanos!<\/p>\n","protected":false},"excerpt":{"rendered":"<div class=\"mh-excerpt\"><p>Esta iniciativa del Gobierno para controlar la informaci\u00f3n y sentenciar cu\u00e1l es ver\u00eddica o no, seg\u00fan un comit\u00e9 creado a tal fin, seg\u00fan se publica en el BOE&nbsp;n\u00fam.&nbsp;292, de 5 de noviembre de 2020O, est\u00e1 <a class=\"mh-excerpt-more\" href=\"https:\/\/www.cambiatumundo.org\/?p=1699\" title=\"El \u00abMinisterio de la Verdad\u00bb\">[&#8230;]<\/a><\/p>\n<\/div>","protected":false},"author":1,"featured_media":363,"comment_status":"open","ping_status":"open","sticky":false,"template":"","format":"standard","meta":{"footnotes":""},"categories":[2,3],"tags":[],"yoast_head":"<!-- This site is optimized with the Yoast SEO plugin v22.6 - https:\/\/yoast.com\/wordpress\/plugins\/seo\/ -->\n<title>El \u00abMinisterio de la Verdad\u00bb - Cambia tu mundo - Empieza por ti<\/title>\n<meta name=\"description\" content=\"Cambia tu mundo Cambia tu mundo - Empieza por ti\" \/>\n<meta name=\"robots\" content=\"index, follow, max-snippet:-1, max-image-preview:large, max-video-preview:-1\" \/>\n<link rel=\"canonical\" href=\"https:\/\/www.cambiatumundo.org\/?p=1699\" \/>\n<meta property=\"og:locale\" content=\"es_ES\" \/>\n<meta property=\"og:type\" content=\"article\" \/>\n<meta property=\"og:title\" content=\"El \u00abMinisterio de la Verdad\u00bb - Cambia tu mundo - Empieza por ti\" \/>\n<meta property=\"og:description\" content=\"Cambia tu mundo Cambia tu mundo - Empieza por ti\" \/>\n<meta property=\"og:url\" content=\"https:\/\/www.cambiatumundo.org\/?p=1699\" \/>\n<meta property=\"og:site_name\" content=\"Cambia tu mundo - Empieza por ti\" \/>\n<meta property=\"article:published_time\" content=\"2022-05-22T13:49:51+00:00\" \/>\n<meta property=\"article:modified_time\" content=\"2022-05-22T13:57:57+00:00\" \/>\n<meta property=\"og:image\" content=\"https:\/\/www.cambiatumundo.org\/wp-content\/uploads\/2020\/11\/Ministerio-de-la-verdad-4.jpg\" \/>\n\t<meta property=\"og:image:width\" content=\"1024\" \/>\n\t<meta property=\"og:image:height\" content=\"575\" \/>\n\t<meta property=\"og:image:type\" content=\"image\/jpeg\" \/>\n<meta name=\"author\" content=\"Admin\" \/>\n<meta name=\"twitter:card\" content=\"summary_large_image\" \/>\n<meta name=\"twitter:label1\" content=\"Escrito por\" \/>\n\t<meta name=\"twitter:data1\" content=\"Admin\" \/>\n\t<meta name=\"twitter:label2\" content=\"Tiempo de lectura\" \/>\n\t<meta name=\"twitter:data2\" content=\"4 minutos\" \/>\n<script type=\"application\/ld+json\" class=\"yoast-schema-graph\">{\"@context\":\"https:\/\/schema.org\",\"@graph\":[{\"@type\":\"Article\",\"@id\":\"https:\/\/www.cambiatumundo.org\/?p=1699#article\",\"isPartOf\":{\"@id\":\"https:\/\/www.cambiatumundo.org\/?p=1699\"},\"author\":{\"name\":\"Admin\",\"@id\":\"https:\/\/www.cambiatumundo.org\/#\/schema\/person\/3bb4d8a6dc81bb662c0bb066feb16558\"},\"headline\":\"El \u00abMinisterio de la Verdad\u00bb\",\"datePublished\":\"2022-05-22T13:49:51+00:00\",\"dateModified\":\"2022-05-22T13:57:57+00:00\",\"mainEntityOfPage\":{\"@id\":\"https:\/\/www.cambiatumundo.org\/?p=1699\"},\"wordCount\":721,\"commentCount\":0,\"publisher\":{\"@id\":\"https:\/\/www.cambiatumundo.org\/#organization\"},\"image\":{\"@id\":\"https:\/\/www.cambiatumundo.org\/?p=1699#primaryimage\"},\"thumbnailUrl\":\"https:\/\/www.cambiatumundo.org\/wp-content\/uploads\/2020\/11\/Ministerio-de-la-verdad-4.jpg\",\"articleSection\":[\"Pol\u00edtica\",\"Sociedad\"],\"inLanguage\":\"es\",\"potentialAction\":[{\"@type\":\"CommentAction\",\"name\":\"Comment\",\"target\":[\"https:\/\/www.cambiatumundo.org\/?p=1699#respond\"]}]},{\"@type\":\"WebPage\",\"@id\":\"https:\/\/www.cambiatumundo.org\/?p=1699\",\"url\":\"https:\/\/www.cambiatumundo.org\/?p=1699\",\"name\":\"El \u00abMinisterio de la Verdad\u00bb - Cambia tu mundo - Empieza por ti\",\"isPartOf\":{\"@id\":\"https:\/\/www.cambiatumundo.org\/#website\"},\"primaryImageOfPage\":{\"@id\":\"https:\/\/www.cambiatumundo.org\/?p=1699#primaryimage\"},\"image\":{\"@id\":\"https:\/\/www.cambiatumundo.org\/?p=1699#primaryimage\"},\"thumbnailUrl\":\"https:\/\/www.cambiatumundo.org\/wp-content\/uploads\/2020\/11\/Ministerio-de-la-verdad-4.jpg\",\"datePublished\":\"2022-05-22T13:49:51+00:00\",\"dateModified\":\"2022-05-22T13:57:57+00:00\",\"description\":\"Cambia tu mundo Cambia tu mundo - Empieza por ti\",\"breadcrumb\":{\"@id\":\"https:\/\/www.cambiatumundo.org\/?p=1699#breadcrumb\"},\"inLanguage\":\"es\",\"potentialAction\":[{\"@type\":\"ReadAction\",\"target\":[\"https:\/\/www.cambiatumundo.org\/?p=1699\"]}]},{\"@type\":\"ImageObject\",\"inLanguage\":\"es\",\"@id\":\"https:\/\/www.cambiatumundo.org\/?p=1699#primaryimage\",\"url\":\"https:\/\/www.cambiatumundo.org\/wp-content\/uploads\/2020\/11\/Ministerio-de-la-verdad-4.jpg\",\"contentUrl\":\"https:\/\/www.cambiatumundo.org\/wp-content\/uploads\/2020\/11\/Ministerio-de-la-verdad-4.jpg\",\"width\":1024,\"height\":575},{\"@type\":\"BreadcrumbList\",\"@id\":\"https:\/\/www.cambiatumundo.org\/?p=1699#breadcrumb\",\"itemListElement\":[{\"@type\":\"ListItem\",\"position\":1,\"name\":\"Portada\",\"item\":\"https:\/\/www.cambiatumundo.org\/\"},{\"@type\":\"ListItem\",\"position\":2,\"name\":\"El \u00abMinisterio de la Verdad\u00bb\"}]},{\"@type\":\"WebSite\",\"@id\":\"https:\/\/www.cambiatumundo.org\/#website\",\"url\":\"https:\/\/www.cambiatumundo.org\/\",\"name\":\"Cambia tu mundo - Empieza por ti\",\"description\":\"la web de las personas que creen que un mundo mejor es posible\",\"publisher\":{\"@id\":\"https:\/\/www.cambiatumundo.org\/#organization\"},\"potentialAction\":[{\"@type\":\"SearchAction\",\"target\":{\"@type\":\"EntryPoint\",\"urlTemplate\":\"https:\/\/www.cambiatumundo.org\/?s={search_term_string}\"},\"query-input\":\"required name=search_term_string\"}],\"inLanguage\":\"es\"},{\"@type\":\"Organization\",\"@id\":\"https:\/\/www.cambiatumundo.org\/#organization\",\"name\":\"Ateneo Digital\",\"url\":\"https:\/\/www.cambiatumundo.org\/\",\"logo\":{\"@type\":\"ImageObject\",\"inLanguage\":\"es\",\"@id\":\"https:\/\/www.cambiatumundo.org\/#\/schema\/logo\/image\/\",\"url\":\"https:\/\/www.cambiatumundo.org\/wp-content\/uploads\/2022\/04\/cropped-LOGO-RAMON-e1648989857352.png\",\"contentUrl\":\"https:\/\/www.cambiatumundo.org\/wp-content\/uploads\/2022\/04\/cropped-LOGO-RAMON-e1648989857352.png\",\"width\":82,\"height\":84,\"caption\":\"Ateneo Digital\"},\"image\":{\"@id\":\"https:\/\/www.cambiatumundo.org\/#\/schema\/logo\/image\/\"},\"sameAs\":[\"https:\/\/www.instagram.com\/ramonhornurena\/\"]},{\"@type\":\"Person\",\"@id\":\"https:\/\/www.cambiatumundo.org\/#\/schema\/person\/3bb4d8a6dc81bb662c0bb066feb16558\",\"name\":\"Admin\",\"image\":{\"@type\":\"ImageObject\",\"inLanguage\":\"es\",\"@id\":\"https:\/\/www.cambiatumundo.org\/#\/schema\/person\/image\/\",\"url\":\"https:\/\/secure.gravatar.com\/avatar\/ad8b1ea9ea1592b1e6e4b7993071be62?s=96&d=mm&r=g\",\"contentUrl\":\"https:\/\/secure.gravatar.com\/avatar\/ad8b1ea9ea1592b1e6e4b7993071be62?s=96&d=mm&r=g\",\"caption\":\"Admin\"},\"sameAs\":[\"http:\/\/www.cambiatumundo.org\"],\"url\":\"https:\/\/www.cambiatumundo.org\/?author=1\"}]}<\/script>\n<!-- \/ Yoast SEO plugin. -->","yoast_head_json":{"title":"El \u00abMinisterio de la Verdad\u00bb - Cambia tu mundo - Empieza por ti","description":"Cambia tu mundo Cambia tu mundo - Empieza por ti","robots":{"index":"index","follow":"follow","max-snippet":"max-snippet:-1","max-image-preview":"max-image-preview:large","max-video-preview":"max-video-preview:-1"},"canonical":"https:\/\/www.cambiatumundo.org\/?p=1699","og_locale":"es_ES","og_type":"article","og_title":"El \u00abMinisterio de la Verdad\u00bb - Cambia tu mundo - Empieza por ti","og_description":"Cambia tu mundo Cambia tu mundo - Empieza por ti","og_url":"https:\/\/www.cambiatumundo.org\/?p=1699","og_site_name":"Cambia tu mundo - Empieza por ti","article_published_time":"2022-05-22T13:49:51+00:00","article_modified_time":"2022-05-22T13:57:57+00:00","og_image":[{"width":1024,"height":575,"url":"https:\/\/www.cambiatumundo.org\/wp-content\/uploads\/2020\/11\/Ministerio-de-la-verdad-4.jpg","type":"image\/jpeg"}],"author":"Admin","twitter_card":"summary_large_image","twitter_misc":{"Escrito por":"Admin","Tiempo de lectura":"4 minutos"},"schema":{"@context":"https:\/\/schema.org","@graph":[{"@type":"Article","@id":"https:\/\/www.cambiatumundo.org\/?p=1699#article","isPartOf":{"@id":"https:\/\/www.cambiatumundo.org\/?p=1699"},"author":{"name":"Admin","@id":"https:\/\/www.cambiatumundo.org\/#\/schema\/person\/3bb4d8a6dc81bb662c0bb066feb16558"},"headline":"El \u00abMinisterio de la Verdad\u00bb","datePublished":"2022-05-22T13:49:51+00:00","dateModified":"2022-05-22T13:57:57+00:00","mainEntityOfPage":{"@id":"https:\/\/www.cambiatumundo.org\/?p=1699"},"wordCount":721,"commentCount":0,"publisher":{"@id":"https:\/\/www.cambiatumundo.org\/#organization"},"image":{"@id":"https:\/\/www.cambiatumundo.org\/?p=1699#primaryimage"},"thumbnailUrl":"https:\/\/www.cambiatumundo.org\/wp-content\/uploads\/2020\/11\/Ministerio-de-la-verdad-4.jpg","articleSection":["Pol\u00edtica","Sociedad"],"inLanguage":"es","potentialAction":[{"@type":"CommentAction","name":"Comment","target":["https:\/\/www.cambiatumundo.org\/?p=1699#respond"]}]},{"@type":"WebPage","@id":"https:\/\/www.cambiatumundo.org\/?p=1699","url":"https:\/\/www.cambiatumundo.org\/?p=1699","name":"El \u00abMinisterio de la Verdad\u00bb - Cambia tu mundo - Empieza por ti","isPartOf":{"@id":"https:\/\/www.cambiatumundo.org\/#website"},"primaryImageOfPage":{"@id":"https:\/\/www.cambiatumundo.org\/?p=1699#primaryimage"},"image":{"@id":"https:\/\/www.cambiatumundo.org\/?p=1699#primaryimage"},"thumbnailUrl":"https:\/\/www.cambiatumundo.org\/wp-content\/uploads\/2020\/11\/Ministerio-de-la-verdad-4.jpg","datePublished":"2022-05-22T13:49:51+00:00","dateModified":"2022-05-22T13:57:57+00:00","description":"Cambia tu mundo Cambia tu mundo - Empieza por ti","breadcrumb":{"@id":"https:\/\/www.cambiatumundo.org\/?p=1699#breadcrumb"},"inLanguage":"es","potentialAction":[{"@type":"ReadAction","target":["https:\/\/www.cambiatumundo.org\/?p=1699"]}]},{"@type":"ImageObject","inLanguage":"es","@id":"https:\/\/www.cambiatumundo.org\/?p=1699#primaryimage","url":"https:\/\/www.cambiatumundo.org\/wp-content\/uploads\/2020\/11\/Ministerio-de-la-verdad-4.jpg","contentUrl":"https:\/\/www.cambiatumundo.org\/wp-content\/uploads\/2020\/11\/Ministerio-de-la-verdad-4.jpg","width":1024,"height":575},{"@type":"BreadcrumbList","@id":"https:\/\/www.cambiatumundo.org\/?p=1699#breadcrumb","itemListElement":[{"@type":"ListItem","position":1,"name":"Portada","item":"https:\/\/www.cambiatumundo.org\/"},{"@type":"ListItem","position":2,"name":"El \u00abMinisterio de la Verdad\u00bb"}]},{"@type":"WebSite","@id":"https:\/\/www.cambiatumundo.org\/#website","url":"https:\/\/www.cambiatumundo.org\/","name":"Cambia tu mundo - Empieza por ti","description":"la web de las personas que creen que un mundo mejor es posible","publisher":{"@id":"https:\/\/www.cambiatumundo.org\/#organization"},"potentialAction":[{"@type":"SearchAction","target":{"@type":"EntryPoint","urlTemplate":"https:\/\/www.cambiatumundo.org\/?s={search_term_string}"},"query-input":"required name=search_term_string"}],"inLanguage":"es"},{"@type":"Organization","@id":"https:\/\/www.cambiatumundo.org\/#organization","name":"Ateneo Digital","url":"https:\/\/www.cambiatumundo.org\/","logo":{"@type":"ImageObject","inLanguage":"es","@id":"https:\/\/www.cambiatumundo.org\/#\/schema\/logo\/image\/","url":"https:\/\/www.cambiatumundo.org\/wp-content\/uploads\/2022\/04\/cropped-LOGO-RAMON-e1648989857352.png","contentUrl":"https:\/\/www.cambiatumundo.org\/wp-content\/uploads\/2022\/04\/cropped-LOGO-RAMON-e1648989857352.png","width":82,"height":84,"caption":"Ateneo Digital"},"image":{"@id":"https:\/\/www.cambiatumundo.org\/#\/schema\/logo\/image\/"},"sameAs":["https:\/\/www.instagram.com\/ramonhornurena\/"]},{"@type":"Person","@id":"https:\/\/www.cambiatumundo.org\/#\/schema\/person\/3bb4d8a6dc81bb662c0bb066feb16558","name":"Admin","image":{"@type":"ImageObject","inLanguage":"es","@id":"https:\/\/www.cambiatumundo.org\/#\/schema\/person\/image\/","url":"https:\/\/secure.gravatar.com\/avatar\/ad8b1ea9ea1592b1e6e4b7993071be62?s=96&d=mm&r=g","contentUrl":"https:\/\/secure.gravatar.com\/avatar\/ad8b1ea9ea1592b1e6e4b7993071be62?s=96&d=mm&r=g","caption":"Admin"},"sameAs":["http:\/\/www.cambiatumundo.org"],"url":"https:\/\/www.cambiatumundo.org\/?author=1"}]}},"_links":{"self":[{"href":"https:\/\/www.cambiatumundo.org\/index.php?rest_route=\/wp\/v2\/posts\/1699"}],"collection":[{"href":"https:\/\/www.cambiatumundo.org\/index.php?rest_route=\/wp\/v2\/posts"}],"about":[{"href":"https:\/\/www.cambiatumundo.org\/index.php?rest_route=\/wp\/v2\/types\/post"}],"author":[{"embeddable":true,"href":"https:\/\/www.cambiatumundo.org\/index.php?rest_route=\/wp\/v2\/users\/1"}],"replies":[{"embeddable":true,"href":"https:\/\/www.cambiatumundo.org\/index.php?rest_route=%2Fwp%2Fv2%2Fcomments&post=1699"}],"version-history":[{"count":1,"href":"https:\/\/www.cambiatumundo.org\/index.php?rest_route=\/wp\/v2\/posts\/1699\/revisions"}],"predecessor-version":[{"id":1700,"href":"https:\/\/www.cambiatumundo.org\/index.php?rest_route=\/wp\/v2\/posts\/1699\/revisions\/1700"}],"wp:featuredmedia":[{"embeddable":true,"href":"https:\/\/www.cambiatumundo.org\/index.php?rest_route=\/wp\/v2\/media\/363"}],"wp:attachment":[{"href":"https:\/\/www.cambiatumundo.org\/index.php?rest_route=%2Fwp%2Fv2%2Fmedia&parent=1699"}],"wp:term":[{"taxonomy":"category","embeddable":true,"href":"https:\/\/www.cambiatumundo.org\/index.php?rest_route=%2Fwp%2Fv2%2Fcategories&post=1699"},{"taxonomy":"post_tag","embeddable":true,"href":"https:\/\/www.cambiatumundo.org\/index.php?rest_route=%2Fwp%2Fv2%2Ftags&post=1699"}],"curies":[{"name":"wp","href":"https:\/\/api.w.org\/{rel}","templated":true}]}}