{"id":1703,"date":"2022-05-22T14:04:18","date_gmt":"2022-05-22T14:04:18","guid":{"rendered":"https:\/\/www.cambiatumundo.org\/?p=1703"},"modified":"2022-05-22T14:04:19","modified_gmt":"2022-05-22T14:04:19","slug":"la-politica-esta-muerta","status":"publish","type":"post","link":"https:\/\/www.cambiatumundo.org\/?p=1703","title":{"rendered":"La pol\u00edtica est\u00e1 muerta."},"content":{"rendered":"\n<p><strong>La pol\u00edtica est\u00e1 muerta.<\/strong><\/p>\n\n\n\n<figure class=\"wp-block-image\"><img decoding=\"async\" width=\"300\" height=\"150\" src=\"https:\/\/www.cambiatumundo.org\/wp-content\/uploads\/2021\/10\/politica-300x150.jpg\" alt=\"\" class=\"wp-image-1370\" srcset=\"https:\/\/www.cambiatumundo.org\/wp-content\/uploads\/2021\/10\/politica-300x150.jpg 300w, https:\/\/www.cambiatumundo.org\/wp-content\/uploads\/2021\/10\/politica-768x384.jpg 768w, https:\/\/www.cambiatumundo.org\/wp-content\/uploads\/2021\/10\/politica.jpg 800w\" sizes=\"(max-width: 300px) 100vw, 300px\" \/><\/figure>\n\n\n\n<p>Cada d\u00eda surgen en el mundo numerosos movimientos, plataformas, ONG, partidos pol\u00edticos, etc., con el fin de trabajar por un mundo mejor. Sin embargo, todos sabemos que esto no se est\u00e1 consiguiendo. Siempre hay multitud de guerras en los cinco continentes.<\/p>\n\n\n\n<p>El siglo pasado fue el m\u00e1s mort\u00edfero de la historia. Stalin, Hitler, Pol Pot, Sadam Hussein, etc. Todos estos pol\u00edticos gobernaron sus pa\u00edses a fuerza de ca\u00f1\u00f3n, acabando con hasta el 30 % de sus ciudadanos, bajo los pretextos m\u00e1s inveros\u00edmiles. El sigo XX acab\u00f3 con m\u00e1s de 100 millones de muertos en conflictos b\u00e9licos; miles de pueblos asesinados, violados, torturados y desterrados.<\/p>\n\n\n\n<p>Veamos algunos puntos del informe de las Naciones Unidas de 2020 \u00ab<strong>Una nueva era de conflictos y violencia<\/strong>\u00bb:<\/p>\n\n\n\n<ul><li>A nivel mundial, el n\u00famero absoluto de muertes en las guerras ha venido disminuyendo desde 1946. Sin embargo, los conflictos y la violencia van en aumento. En 2016, la cantidad de pa\u00edses que se vieron afectados por conflictos violentos alcanz\u00f3 el nivel m\u00e1s alto registrado en casi 30 a\u00f1os.<\/li><li>Hoy, la delincuencia causa m\u00e1s muertes que los conflictos armados. En 2017, hubo casi medio mill\u00f3n de v\u00edctimas de homicidio, cifra que supera con creces las 89.000 v\u00edctimas causadas por conflictos armados activos y las 19.000 que murieron en ataques terroristas. Si las tasas de homicidio siguen aumentando al ritmo actual, que es de un 4 %, no se alcanzar\u00e1 la meta 16.1 de los Objetivos de Desarrollo Sostenible (reducir significativamente todas las formas de violencia y las correspondientes tasas de mortalidad en todo el mundo) para 2030.<\/li><\/ul>\n\n\n\n<p>\u00abLa violencia se ha instaurado en el mundo como un mal end\u00e9mico creciente que no sabemos a d\u00f3nde nos llevar\u00e1. Parece que la violencia sea la \u00fanica forma de resolver nuestros conflictos que hemos encontrado los seres humanos, tras milenios de historia, a pesar de las innumerables organizaciones que hemos creado <em>para resolver conflictos<\/em>\u00bb.<\/p>\n\n\n\n<ul><li>En los \u00faltimos 15 a\u00f1os, m\u00e1s de la mitad de la poblaci\u00f3n mundial ha vivido directamente situaciones de violencia pol\u00edtica significativa o ha estado muy cerca de ellas.<\/li><\/ul>\n\n\n\n<p>Por otra parte, el hambre y la pobreza siguen siendo lacras en el mundo: casi la mitad de la poblaci\u00f3n mundial vive con menos de 5,50 d\u00f3lares al d\u00eda. Seg\u00fan Manos Unidas, cerca de 800 millones de personas pasan hambre en el mundo. Es un dato incre\u00edble, m\u00e1xime si tenemos en cuenta que en el mundo vivimos 7 mil millones de personas y se estima que nuestra fuerza productiva ser\u00eda capaz de alimentar a 12 mil millones de personas. Son datos de FAO (Organizaci\u00f3n de las Naciones Unidas para la Alimentaci\u00f3n y la Agricultura).<\/p>\n\n\n\n<p>Tambi\u00e9n tenemos el problema medioambiental y las cat\u00e1strofes clim\u00e1ticas. La ONU alerta de una triple crisis: calentamiento, p\u00e9rdida de biodiversidad y contaminaci\u00f3n;<\/p>\n\n\n\n<p>\u00bfPara esto nos sirven los pol\u00edticos? S\u00f3lo en Espa\u00f1a hab\u00eda en 2017 un total de 4.772 partidos pol\u00edticos. El n\u00famero de pol\u00edticos mundial es desconocido. Hay estimaciones por pa\u00edses para todos los gustos, dependiendo de la ideolog\u00eda pol\u00edtica del que haga el c\u00e1lculo. En cualquier caso, hay muchos pol\u00edticos en el mundo, \u00a1much\u00edsimos! Pero no resuelven los problemas m\u00e1s arriba descritos, que se han convertido en end\u00e9micos por la ineficacia pol\u00edtica en el mundo.<\/p>\n\n\n\n<p>Los avances tecnol\u00f3gicos est\u00e1n cambiando la forma en que se desarrollan los conflictos. Los avances en inteligencia artificial (IA) y el aprendizaje autom\u00e1tico desempe\u00f1ar\u00e1n un papel importante en esta transformaci\u00f3n al cambiar la naturaleza de las amenazas tanto por parte de actores estatales como no estatales. El uso de la IA est\u00e1 intensificando los ataques cibern\u00e9ticos, f\u00edsicos y biol\u00f3gicos, haci\u00e9ndolos m\u00e1s selectivos y, al mismo tiempo, m\u00e1s an\u00f3nimos.<\/p>\n\n\n\n<p>La IA tambi\u00e9n ha hecho posible la fabricaci\u00f3n de armas aut\u00f3nomas letales a pesar de la amplia oposici\u00f3n mundial a su desarrollo. Estas armas detectan y atacan a un objetivo espec\u00edfico sin necesidad de que una persona las dirija. Esto hace que la responsabilidad sobre la vida y la muerte ya no dependa de los sistemas morales humanos.<\/p>\n\n\n\n<p>\u00bfC\u00f3mo puede el ciudadano corriente protegerse frente a estas nuevas amenazas, que ni siquiera entiende? La justicia, los medios policiales y los ej\u00e9rcitos est\u00e1n completamente desbordados ante lo que se les viene encima. El mal uso de la ciencia y la tecnolog\u00eda nos puede llevar a un callej\u00f3n sin salida, si los gobiernos de todo el mundo no se unen para tomar medidas contra esta nueva modalidad de violencia; de guerra fr\u00eda.<\/p>\n\n\n\n<p>Actualmente estamos siendo testigos del desmantelamiento de la estructura internacional de control de armamentos y de un retroceso gradual en los acuerdos de control de armamentos establecidos, que durante decenios han hecho posible la estabilidad, la moderaci\u00f3n y la transparencia en todo el mundo. El hecho de que sigan existiendo armas nucleares en particular plantea una amenaza cada vez mayor para la supervivencia de la humanidad.<\/p>\n\n\n\n<p>Es evidente que los numerosos partidos e innumerables pol\u00edticos de este mundo han demostrado su manifiesta ineficacia en la consecuci\u00f3n de la paz y la justicia en el mundo.<\/p>\n\n\n\n<p>No hemos evolucionado gran cosa en estos aspectos en los \u00faltimos milenios. Se ha evolucionado mucho en ciencia y tecnolog\u00eda, as\u00ed como en el reconocimiento te\u00f3rico de los derechos humanos, pero muy poco en el logro de un mundo en el que reinen la paz y la justicia.<\/p>\n\n\n\n<p>Han surgido numerosos movimientos sociales, plataformas y ONG a nivel mundial para intentar paliar la ineficacia de nuestros sistemas pol\u00edticos, y llegar all\u00ed a donde a las pol\u00edticas estatales no les interesa llegar.<\/p>\n\n\n\n<p>Gracias a estos movimientos sociales se suple la ineficacia de la maquinaria pol\u00edtica, en aquellos lugares donde \u00abno interesa\u00bb ayudar a la poblaci\u00f3n necesitada. Son miles los voluntarios que trabajan a diario por un mundo mejor, sin monsergas pol\u00edticas, trabajando duro en programas concretos, llevando la justica social all\u00ed donde no existe, por dejadez de nuestros pol\u00edticos.<\/p>\n\n\n\n<p>En un mundo que gasta billones en armas de destrucci\u00f3n masiva no se puede hablar honradamente de que no haya medios suficientes para atender todas las necesidades.<\/p>\n\n\n\n<p>Si analizamos las causas de los problemas que aquejan nuestro mundo, veremos que los que gobiernan est\u00e1n en la ra\u00edz del problema: <strong>los pol\u00edticos de este mundo son el problema, <\/strong>preocupados eternamente por llegar al poder y&nbsp; mantenerse en \u00e9l, caiga quien caiga.<\/p>\n\n\n\n<p>El conocido aforismo pol\u00edtico de que \u00ab<strong>el objetivo de un partido es ganar las elecciones<\/strong>\u00bb, es intr\u00ednsecamente perverso.<\/p>\n\n\n\n<p>\u00bfQu\u00e9 ha ocurrido con los valores morales en pol\u00edtica? \u00bfYa no se piensa que el objetivo de los pol\u00edticos es el de servir de la mejor y m\u00e1s justa manera posible al pueblo que los ha elegido?<\/p>\n\n\n\n<p>Si hemos llegado a este estado de las cosas, es el momento de que el Pueblo tome las riendas de su destino y adopte cuantas medidas l\u00edcitas tenga a su alcance para llevar este mundo a un cauce de justicia y de paz.<\/p>\n\n\n\n<p>Analizando m\u00e1s profundamente podemos observar que los valores \u00e9ticos y morales se han perdido en pol\u00edtica casi por completo. Esto es lo que lleva a los pol\u00edticos a esta forma de pensar y actuar tan inhumana.<\/p>\n\n\n\n<p>Las leyes que hacen los pol\u00edticos en todos los pa\u00edses persiguen el fin propio de los partidos: perpetuarse en el poder. Y como no pueden llegar al poder por s\u00ed solos, aunque s\u00f3lo sea por un mero asunto de fuerzas (el Pueblo est\u00e1 en mayor\u00eda num\u00e9rica en todos los pa\u00edses), nos tienen que convencer de \u00absu verdad\u00bb. De que su forma de pensar y actuar maquiav\u00e9lica es la \u00fanica posible y la \u00f3ptima; nos tienen que \u00ababorregar\u00bb.<\/p>\n\n\n\n<p>Esto se logra s\u00f3lo de una forma: deshumaniz\u00e1ndonos; despoj\u00e1ndonos de nuestra espiritualidad, que es la caracter\u00edstica que nos hace verdaderamente humanos.<\/p>\n\n\n\n<p>Tenemos que restaurar la espiritualidad en el mundo para lograr un cambio real y profundo, que nos lleve a un camino de paz y de justicia global.<\/p>\n\n\n\n<p><strong>\u00abLo que este mundo necesita es una revoluci\u00f3n espiritual\u00bb <\/strong>(Dalai Lama).<\/p>\n\n\n\n<p>Deshag\u00e1monos de estos pol\u00edticos sin alma que gobiernan nuestras naciones y la humanidad podr\u00e1 comenzar una nueva era de justicia y paz en el mundo.<\/p>\n\n\n\n<p>El siglo XXI tiene que ser el siglo de la despolitizaci\u00f3n global. Los ciudadanos, el planeta, no podemos permitirnos que la nueva aristocracia pol\u00edtica siga llevando las riendas del destino global. La politizaci\u00f3n de todas las estructuras sociales ha hecho que \u00e9stas sean ineficaces a todos los niveles. El fracaso estrepitoso de la pol\u00edtica como forma de gobierno es un hecho patente. Los propios pol\u00edticos no pueden solucionar los problemas que ellos mismos generan.<\/p>\n\n\n\n<p>Los asuntos de estado son demasiado importantes como para dejarlos en manos de los pol\u00edticos. Existen estructuras de gesti\u00f3n y gestores adecuados a todos los niveles sociales que, sin el menoscabo de la pol\u00edtica, cumplir\u00edan sus funciones de forma mucho m\u00e1s eficaz. Que no nos convenzan los pol\u00edticos por m\u00e1s tiempo de que los ciudadanos del siglo XXI no estamos lo suficientemente maduros para gestionar el mundo adecuadamente y que necesitamos de la tutela pol\u00edtica para poder salir adelante.<\/p>\n\n\n\n<p>Tampoco pueden convencernos los pol\u00edticos por m\u00e1s tiempo de que sin ellos vendr\u00eda la anarqu\u00eda. La sociedad ha demostrado a lo largo de la historia que se puede prescindir del grado de politizaci\u00f3n desmesurada que existe en la actualidad. Tenemos que luchar por una despolitizaci\u00f3n gradual de las estructuras sociales mundiales a todos los niveles. Desde los ayuntamientos, pasando por los gobiernos federales o auton\u00f3micos, los gobiernos nacionales, senados y congresos, hasta las estructuras supranacionales, hay que quitar ese peso muerto de exceso de pol\u00edticos que existe a todos los niveles.<\/p>\n\n\n\n<p>Luchemos desde ahora con todas nuestras fuerzas por la despolitizaci\u00f3n de todas las estructuras sociales y la humanidad podr\u00e1 comenzar a ser due\u00f1a de su destino y encaminar un aut\u00e9ntico futuro de justicia y de paz globales. El planeta y las futuras generaciones nos lo agradecer\u00e1n.<\/p>\n","protected":false},"excerpt":{"rendered":"<div class=\"mh-excerpt\"><p>La pol\u00edtica est\u00e1 muerta. Cada d\u00eda surgen en el mundo numerosos movimientos, plataformas, ONG, partidos pol\u00edticos, etc., con el fin de trabajar por un mundo mejor. Sin embargo, todos sabemos que esto no se est\u00e1 <a class=\"mh-excerpt-more\" href=\"https:\/\/www.cambiatumundo.org\/?p=1703\" title=\"La pol\u00edtica est\u00e1 muerta.\">[&#8230;]<\/a><\/p>\n<\/div>","protected":false},"author":1,"featured_media":1370,"comment_status":"open","ping_status":"open","sticky":false,"template":"","format":"standard","meta":{"footnotes":""},"categories":[2,3],"tags":[],"yoast_head":"<!-- This site is optimized with the Yoast SEO plugin v22.6 - https:\/\/yoast.com\/wordpress\/plugins\/seo\/ -->\n<title>La pol\u00edtica est\u00e1 muerta. - Cambia tu mundo - Empieza por ti<\/title>\n<meta name=\"description\" content=\"Cambia tu mundo Cambia tu mundo - Empieza por ti\" \/>\n<meta name=\"robots\" content=\"index, follow, max-snippet:-1, max-image-preview:large, max-video-preview:-1\" \/>\n<link rel=\"canonical\" href=\"https:\/\/www.cambiatumundo.org\/?p=1703\" \/>\n<meta property=\"og:locale\" content=\"es_ES\" \/>\n<meta property=\"og:type\" content=\"article\" \/>\n<meta property=\"og:title\" content=\"La pol\u00edtica est\u00e1 muerta. - Cambia tu mundo - Empieza por ti\" \/>\n<meta property=\"og:description\" content=\"Cambia tu mundo Cambia tu mundo - Empieza por ti\" \/>\n<meta property=\"og:url\" content=\"https:\/\/www.cambiatumundo.org\/?p=1703\" \/>\n<meta property=\"og:site_name\" content=\"Cambia tu mundo - Empieza por ti\" \/>\n<meta property=\"article:published_time\" content=\"2022-05-22T14:04:18+00:00\" \/>\n<meta property=\"article:modified_time\" content=\"2022-05-22T14:04:19+00:00\" \/>\n<meta property=\"og:image\" content=\"https:\/\/www.cambiatumundo.org\/wp-content\/uploads\/2021\/10\/politica.jpg\" \/>\n\t<meta property=\"og:image:width\" content=\"800\" \/>\n\t<meta property=\"og:image:height\" content=\"400\" \/>\n\t<meta property=\"og:image:type\" content=\"image\/jpeg\" \/>\n<meta name=\"author\" content=\"Admin\" \/>\n<meta name=\"twitter:card\" content=\"summary_large_image\" \/>\n<meta name=\"twitter:label1\" content=\"Escrito por\" \/>\n\t<meta name=\"twitter:data1\" content=\"Admin\" \/>\n\t<meta name=\"twitter:label2\" content=\"Tiempo de lectura\" \/>\n\t<meta name=\"twitter:data2\" content=\"8 minutos\" \/>\n<script type=\"application\/ld+json\" class=\"yoast-schema-graph\">{\"@context\":\"https:\/\/schema.org\",\"@graph\":[{\"@type\":\"Article\",\"@id\":\"https:\/\/www.cambiatumundo.org\/?p=1703#article\",\"isPartOf\":{\"@id\":\"https:\/\/www.cambiatumundo.org\/?p=1703\"},\"author\":{\"name\":\"Admin\",\"@id\":\"https:\/\/www.cambiatumundo.org\/#\/schema\/person\/3bb4d8a6dc81bb662c0bb066feb16558\"},\"headline\":\"La pol\u00edtica est\u00e1 muerta.\",\"datePublished\":\"2022-05-22T14:04:18+00:00\",\"dateModified\":\"2022-05-22T14:04:19+00:00\",\"mainEntityOfPage\":{\"@id\":\"https:\/\/www.cambiatumundo.org\/?p=1703\"},\"wordCount\":1749,\"commentCount\":0,\"publisher\":{\"@id\":\"https:\/\/www.cambiatumundo.org\/#organization\"},\"image\":{\"@id\":\"https:\/\/www.cambiatumundo.org\/?p=1703#primaryimage\"},\"thumbnailUrl\":\"https:\/\/www.cambiatumundo.org\/wp-content\/uploads\/2021\/10\/politica.jpg\",\"articleSection\":[\"Pol\u00edtica\",\"Sociedad\"],\"inLanguage\":\"es\",\"potentialAction\":[{\"@type\":\"CommentAction\",\"name\":\"Comment\",\"target\":[\"https:\/\/www.cambiatumundo.org\/?p=1703#respond\"]}]},{\"@type\":\"WebPage\",\"@id\":\"https:\/\/www.cambiatumundo.org\/?p=1703\",\"url\":\"https:\/\/www.cambiatumundo.org\/?p=1703\",\"name\":\"La pol\u00edtica est\u00e1 muerta. - Cambia tu mundo - Empieza por ti\",\"isPartOf\":{\"@id\":\"https:\/\/www.cambiatumundo.org\/#website\"},\"primaryImageOfPage\":{\"@id\":\"https:\/\/www.cambiatumundo.org\/?p=1703#primaryimage\"},\"image\":{\"@id\":\"https:\/\/www.cambiatumundo.org\/?p=1703#primaryimage\"},\"thumbnailUrl\":\"https:\/\/www.cambiatumundo.org\/wp-content\/uploads\/2021\/10\/politica.jpg\",\"datePublished\":\"2022-05-22T14:04:18+00:00\",\"dateModified\":\"2022-05-22T14:04:19+00:00\",\"description\":\"Cambia tu mundo Cambia tu mundo - Empieza por ti\",\"breadcrumb\":{\"@id\":\"https:\/\/www.cambiatumundo.org\/?p=1703#breadcrumb\"},\"inLanguage\":\"es\",\"potentialAction\":[{\"@type\":\"ReadAction\",\"target\":[\"https:\/\/www.cambiatumundo.org\/?p=1703\"]}]},{\"@type\":\"ImageObject\",\"inLanguage\":\"es\",\"@id\":\"https:\/\/www.cambiatumundo.org\/?p=1703#primaryimage\",\"url\":\"https:\/\/www.cambiatumundo.org\/wp-content\/uploads\/2021\/10\/politica.jpg\",\"contentUrl\":\"https:\/\/www.cambiatumundo.org\/wp-content\/uploads\/2021\/10\/politica.jpg\",\"width\":800,\"height\":400},{\"@type\":\"BreadcrumbList\",\"@id\":\"https:\/\/www.cambiatumundo.org\/?p=1703#breadcrumb\",\"itemListElement\":[{\"@type\":\"ListItem\",\"position\":1,\"name\":\"Portada\",\"item\":\"https:\/\/www.cambiatumundo.org\/\"},{\"@type\":\"ListItem\",\"position\":2,\"name\":\"La pol\u00edtica est\u00e1 muerta.\"}]},{\"@type\":\"WebSite\",\"@id\":\"https:\/\/www.cambiatumundo.org\/#website\",\"url\":\"https:\/\/www.cambiatumundo.org\/\",\"name\":\"Cambia tu mundo - Empieza por ti\",\"description\":\"la web de las personas que creen que un mundo mejor es posible\",\"publisher\":{\"@id\":\"https:\/\/www.cambiatumundo.org\/#organization\"},\"potentialAction\":[{\"@type\":\"SearchAction\",\"target\":{\"@type\":\"EntryPoint\",\"urlTemplate\":\"https:\/\/www.cambiatumundo.org\/?s={search_term_string}\"},\"query-input\":\"required name=search_term_string\"}],\"inLanguage\":\"es\"},{\"@type\":\"Organization\",\"@id\":\"https:\/\/www.cambiatumundo.org\/#organization\",\"name\":\"Ateneo Digital\",\"url\":\"https:\/\/www.cambiatumundo.org\/\",\"logo\":{\"@type\":\"ImageObject\",\"inLanguage\":\"es\",\"@id\":\"https:\/\/www.cambiatumundo.org\/#\/schema\/logo\/image\/\",\"url\":\"https:\/\/www.cambiatumundo.org\/wp-content\/uploads\/2022\/04\/cropped-LOGO-RAMON-e1648989857352.png\",\"contentUrl\":\"https:\/\/www.cambiatumundo.org\/wp-content\/uploads\/2022\/04\/cropped-LOGO-RAMON-e1648989857352.png\",\"width\":82,\"height\":84,\"caption\":\"Ateneo Digital\"},\"image\":{\"@id\":\"https:\/\/www.cambiatumundo.org\/#\/schema\/logo\/image\/\"},\"sameAs\":[\"https:\/\/www.instagram.com\/ramonhornurena\/\"]},{\"@type\":\"Person\",\"@id\":\"https:\/\/www.cambiatumundo.org\/#\/schema\/person\/3bb4d8a6dc81bb662c0bb066feb16558\",\"name\":\"Admin\",\"image\":{\"@type\":\"ImageObject\",\"inLanguage\":\"es\",\"@id\":\"https:\/\/www.cambiatumundo.org\/#\/schema\/person\/image\/\",\"url\":\"https:\/\/secure.gravatar.com\/avatar\/ad8b1ea9ea1592b1e6e4b7993071be62?s=96&d=mm&r=g\",\"contentUrl\":\"https:\/\/secure.gravatar.com\/avatar\/ad8b1ea9ea1592b1e6e4b7993071be62?s=96&d=mm&r=g\",\"caption\":\"Admin\"},\"sameAs\":[\"http:\/\/www.cambiatumundo.org\"],\"url\":\"https:\/\/www.cambiatumundo.org\/?author=1\"}]}<\/script>\n<!-- \/ Yoast SEO plugin. -->","yoast_head_json":{"title":"La pol\u00edtica est\u00e1 muerta. - Cambia tu mundo - Empieza por ti","description":"Cambia tu mundo Cambia tu mundo - Empieza por ti","robots":{"index":"index","follow":"follow","max-snippet":"max-snippet:-1","max-image-preview":"max-image-preview:large","max-video-preview":"max-video-preview:-1"},"canonical":"https:\/\/www.cambiatumundo.org\/?p=1703","og_locale":"es_ES","og_type":"article","og_title":"La pol\u00edtica est\u00e1 muerta. - Cambia tu mundo - Empieza por ti","og_description":"Cambia tu mundo Cambia tu mundo - Empieza por ti","og_url":"https:\/\/www.cambiatumundo.org\/?p=1703","og_site_name":"Cambia tu mundo - Empieza por ti","article_published_time":"2022-05-22T14:04:18+00:00","article_modified_time":"2022-05-22T14:04:19+00:00","og_image":[{"width":800,"height":400,"url":"https:\/\/www.cambiatumundo.org\/wp-content\/uploads\/2021\/10\/politica.jpg","type":"image\/jpeg"}],"author":"Admin","twitter_card":"summary_large_image","twitter_misc":{"Escrito por":"Admin","Tiempo de lectura":"8 minutos"},"schema":{"@context":"https:\/\/schema.org","@graph":[{"@type":"Article","@id":"https:\/\/www.cambiatumundo.org\/?p=1703#article","isPartOf":{"@id":"https:\/\/www.cambiatumundo.org\/?p=1703"},"author":{"name":"Admin","@id":"https:\/\/www.cambiatumundo.org\/#\/schema\/person\/3bb4d8a6dc81bb662c0bb066feb16558"},"headline":"La pol\u00edtica est\u00e1 muerta.","datePublished":"2022-05-22T14:04:18+00:00","dateModified":"2022-05-22T14:04:19+00:00","mainEntityOfPage":{"@id":"https:\/\/www.cambiatumundo.org\/?p=1703"},"wordCount":1749,"commentCount":0,"publisher":{"@id":"https:\/\/www.cambiatumundo.org\/#organization"},"image":{"@id":"https:\/\/www.cambiatumundo.org\/?p=1703#primaryimage"},"thumbnailUrl":"https:\/\/www.cambiatumundo.org\/wp-content\/uploads\/2021\/10\/politica.jpg","articleSection":["Pol\u00edtica","Sociedad"],"inLanguage":"es","potentialAction":[{"@type":"CommentAction","name":"Comment","target":["https:\/\/www.cambiatumundo.org\/?p=1703#respond"]}]},{"@type":"WebPage","@id":"https:\/\/www.cambiatumundo.org\/?p=1703","url":"https:\/\/www.cambiatumundo.org\/?p=1703","name":"La pol\u00edtica est\u00e1 muerta. - Cambia tu mundo - Empieza por ti","isPartOf":{"@id":"https:\/\/www.cambiatumundo.org\/#website"},"primaryImageOfPage":{"@id":"https:\/\/www.cambiatumundo.org\/?p=1703#primaryimage"},"image":{"@id":"https:\/\/www.cambiatumundo.org\/?p=1703#primaryimage"},"thumbnailUrl":"https:\/\/www.cambiatumundo.org\/wp-content\/uploads\/2021\/10\/politica.jpg","datePublished":"2022-05-22T14:04:18+00:00","dateModified":"2022-05-22T14:04:19+00:00","description":"Cambia tu mundo Cambia tu mundo - Empieza por ti","breadcrumb":{"@id":"https:\/\/www.cambiatumundo.org\/?p=1703#breadcrumb"},"inLanguage":"es","potentialAction":[{"@type":"ReadAction","target":["https:\/\/www.cambiatumundo.org\/?p=1703"]}]},{"@type":"ImageObject","inLanguage":"es","@id":"https:\/\/www.cambiatumundo.org\/?p=1703#primaryimage","url":"https:\/\/www.cambiatumundo.org\/wp-content\/uploads\/2021\/10\/politica.jpg","contentUrl":"https:\/\/www.cambiatumundo.org\/wp-content\/uploads\/2021\/10\/politica.jpg","width":800,"height":400},{"@type":"BreadcrumbList","@id":"https:\/\/www.cambiatumundo.org\/?p=1703#breadcrumb","itemListElement":[{"@type":"ListItem","position":1,"name":"Portada","item":"https:\/\/www.cambiatumundo.org\/"},{"@type":"ListItem","position":2,"name":"La pol\u00edtica est\u00e1 muerta."}]},{"@type":"WebSite","@id":"https:\/\/www.cambiatumundo.org\/#website","url":"https:\/\/www.cambiatumundo.org\/","name":"Cambia tu mundo - Empieza por ti","description":"la web de las personas que creen que un mundo mejor es posible","publisher":{"@id":"https:\/\/www.cambiatumundo.org\/#organization"},"potentialAction":[{"@type":"SearchAction","target":{"@type":"EntryPoint","urlTemplate":"https:\/\/www.cambiatumundo.org\/?s={search_term_string}"},"query-input":"required name=search_term_string"}],"inLanguage":"es"},{"@type":"Organization","@id":"https:\/\/www.cambiatumundo.org\/#organization","name":"Ateneo Digital","url":"https:\/\/www.cambiatumundo.org\/","logo":{"@type":"ImageObject","inLanguage":"es","@id":"https:\/\/www.cambiatumundo.org\/#\/schema\/logo\/image\/","url":"https:\/\/www.cambiatumundo.org\/wp-content\/uploads\/2022\/04\/cropped-LOGO-RAMON-e1648989857352.png","contentUrl":"https:\/\/www.cambiatumundo.org\/wp-content\/uploads\/2022\/04\/cropped-LOGO-RAMON-e1648989857352.png","width":82,"height":84,"caption":"Ateneo Digital"},"image":{"@id":"https:\/\/www.cambiatumundo.org\/#\/schema\/logo\/image\/"},"sameAs":["https:\/\/www.instagram.com\/ramonhornurena\/"]},{"@type":"Person","@id":"https:\/\/www.cambiatumundo.org\/#\/schema\/person\/3bb4d8a6dc81bb662c0bb066feb16558","name":"Admin","image":{"@type":"ImageObject","inLanguage":"es","@id":"https:\/\/www.cambiatumundo.org\/#\/schema\/person\/image\/","url":"https:\/\/secure.gravatar.com\/avatar\/ad8b1ea9ea1592b1e6e4b7993071be62?s=96&d=mm&r=g","contentUrl":"https:\/\/secure.gravatar.com\/avatar\/ad8b1ea9ea1592b1e6e4b7993071be62?s=96&d=mm&r=g","caption":"Admin"},"sameAs":["http:\/\/www.cambiatumundo.org"],"url":"https:\/\/www.cambiatumundo.org\/?author=1"}]}},"_links":{"self":[{"href":"https:\/\/www.cambiatumundo.org\/index.php?rest_route=\/wp\/v2\/posts\/1703"}],"collection":[{"href":"https:\/\/www.cambiatumundo.org\/index.php?rest_route=\/wp\/v2\/posts"}],"about":[{"href":"https:\/\/www.cambiatumundo.org\/index.php?rest_route=\/wp\/v2\/types\/post"}],"author":[{"embeddable":true,"href":"https:\/\/www.cambiatumundo.org\/index.php?rest_route=\/wp\/v2\/users\/1"}],"replies":[{"embeddable":true,"href":"https:\/\/www.cambiatumundo.org\/index.php?rest_route=%2Fwp%2Fv2%2Fcomments&post=1703"}],"version-history":[{"count":1,"href":"https:\/\/www.cambiatumundo.org\/index.php?rest_route=\/wp\/v2\/posts\/1703\/revisions"}],"predecessor-version":[{"id":1705,"href":"https:\/\/www.cambiatumundo.org\/index.php?rest_route=\/wp\/v2\/posts\/1703\/revisions\/1705"}],"wp:featuredmedia":[{"embeddable":true,"href":"https:\/\/www.cambiatumundo.org\/index.php?rest_route=\/wp\/v2\/media\/1370"}],"wp:attachment":[{"href":"https:\/\/www.cambiatumundo.org\/index.php?rest_route=%2Fwp%2Fv2%2Fmedia&parent=1703"}],"wp:term":[{"taxonomy":"category","embeddable":true,"href":"https:\/\/www.cambiatumundo.org\/index.php?rest_route=%2Fwp%2Fv2%2Fcategories&post=1703"},{"taxonomy":"post_tag","embeddable":true,"href":"https:\/\/www.cambiatumundo.org\/index.php?rest_route=%2Fwp%2Fv2%2Ftags&post=1703"}],"curies":[{"name":"wp","href":"https:\/\/api.w.org\/{rel}","templated":true}]}}